{"id":17,"date":"2018-08-09T23:36:57","date_gmt":"2018-08-10T04:36:57","guid":{"rendered":"https:\/\/www.adondequierenir.com\/index.php\/la-torre-mudejar-san-jose-del-salado\/"},"modified":"2024-01-17T01:22:07","modified_gmt":"2024-01-17T06:22:07","slug":"la-torre-mudejar-san-jose-del-salado","status":"publish","type":"post","link":"https:\/\/www.adondequierenir.com\/index.php\/2018\/08\/09\/la-torre-mudejar-san-jose-del-salado\/","title":{"rendered":"La Torre Mud\u00e9jar San Jose del Salado"},"content":{"rendered":"<p>La Torre Mud\u00e9jar de El Salado es una construcci\u00f3n de base cuadrada de aproximadamente 2,50 metros de lado, y una altura de 9,60 metros sin contar la veleta.<\/p>\n<p><!--more--><\/p>\n<p style=\"text-align: justify;\">La Torre y la Capilla Actualmente la torre Mud\u00e9jar de El Salado se encuentra en la esquina oriental de un gran espacio abierto frente a ella, a pocos metros de la antigua Carretera al Mar. La fachada principal de la torre mira hacia el noroccidente; hacia el suroriente, tras la torre, se encuentra la capilla de San Jos\u00e9. En las inmediaciones se encuentran algunas casas aisladas, de diversos estilos y estado de conservaci\u00f3n. Llama la atenci\u00f3n la presencia de las ruinas de un malogrado convento de monjas.<\/p>\n<p style=\"text-align: justify;\">Construida enteramente en mamposter\u00eda de ladrillo, se encuentra pintada con cal, que le da un caracter\u00edstico color blanco. Est\u00e1 dividida en tres cuerpos separados por cornisas; la altura del cuerpo inferior, es casi la mitad de la que tiene la Torre. Con relaci\u00f3n a la fecha de construcci\u00f3n del campanario, Amparo Vargas de Jaramillo, quien en la d\u00e9cada de 1980 dirig\u00eda la revista Vivir y fue gestora de la recuperaci\u00f3n de la edificaci\u00f3n, durante una visita realizada a El Salado en 1986 encontr\u00f3 un ladrillo de la Torre que ten\u00eda escrito en n\u00fameros romanos el a\u00f1o de 1770<\/p>\n<p><img loading=\"lazy\" decoding=\"async\" style=\"display: block; margin-left: auto; margin-right: auto;\" src=\"images\/img_lugares_cali\/IMG_20180807_145144.jpg\" alt=\"\" width=\"761\" height=\"571\" \/><\/p>\n<p style=\"text-align: justify;\"><strong>La influencia mud\u00e9jar:<\/strong> antecedentes y ejemplos Un fen\u00f3meno a considerar dentro de las investigaciones realizadas sobre las torres de San Francisco y de El Salado lo constituye la influencia del arte mud\u00e9jar en su arquitectura. La definici\u00f3n de lo mud\u00e9jar en el arte se da a finales del siglo XIX, a partir del discurso que pronuncia Jos\u00e9 Amador de los R\u00edos al ingresar a la Real Academia de Bellas Artes de San Fernando 48. La palabra se utilizaba exclusivamente para designar a aquellos musulmanes que permanecieron en calidad de s\u00fabditos de la Corona espa\u00f1ola desde la Reconquista hasta 1609, cuando fueron expulsados definitivamente de los dominios espa\u00f1oles.<\/p>\n<p style=\"text-align: justify;\">Si deseas Pautar Tus Servicios Turisticos puedes contactarnos al telefono 3172548474 (incluye texto, fotografias y video de maximo 5 minutos en full hd)<\/p>\n","protected":false},"excerpt":{"rendered":"<p>La Torre Mud\u00e9jar de El Salado es una construcci\u00f3n de base cuadrada de aproximadamente 2,50 metros de lado, y una altura de 9,60 metros sin contar la veleta.<\/p>\n","protected":false},"author":1,"featured_media":0,"comment_status":"closed","ping_status":"closed","sticky":false,"template":"","format":"standard","meta":{"footnotes":""},"categories":[1],"tags":[],"class_list":["post-17","post","type-post","status-publish","format-standard","hentry","category-sin-categoria"],"yoast_head":"<!-- This site is optimized with the Yoast SEO plugin v26.8 - https:\/\/yoast.com\/product\/yoast-seo-wordpress\/ -->\n<title>La Torre Mud\u00e9jar San Jose del Salado - Bienvenido a Adondequierenir.com<\/title>\n<meta name=\"robots\" content=\"index, follow, max-snippet:-1, max-image-preview:large, max-video-preview:-1\" \/>\n<link rel=\"canonical\" href=\"https:\/\/www.adondequierenir.com\/index.php\/2018\/08\/09\/la-torre-mudejar-san-jose-del-salado\/\" \/>\n<meta property=\"og:locale\" content=\"es_ES\" \/>\n<meta property=\"og:type\" content=\"article\" \/>\n<meta property=\"og:title\" content=\"La Torre Mud\u00e9jar San Jose del Salado - Bienvenido a Adondequierenir.com\" \/>\n<meta property=\"og:description\" content=\"La Torre Mud\u00e9jar de El Salado es una construcci\u00f3n de base cuadrada de aproximadamente 2,50 metros de lado, y una altura de 9,60 metros sin contar la veleta.\" \/>\n<meta property=\"og:url\" content=\"https:\/\/www.adondequierenir.com\/index.php\/2018\/08\/09\/la-torre-mudejar-san-jose-del-salado\/\" \/>\n<meta property=\"og:site_name\" content=\"Bienvenido a Adondequierenir.com\" \/>\n<meta property=\"article:publisher\" content=\"https:\/\/www.facebook.com\/adonde.q.ir\" \/>\n<meta property=\"article:author\" content=\"https:\/\/www.facebook.com\/adonde.q.ir\" \/>\n<meta property=\"article:published_time\" content=\"2018-08-10T04:36:57+00:00\" \/>\n<meta property=\"article:modified_time\" content=\"2024-01-17T06:22:07+00:00\" \/>\n<meta name=\"author\" content=\"p@m@rt1n\" \/>\n<meta name=\"twitter:card\" content=\"summary_large_image\" \/>\n<meta name=\"twitter:label1\" content=\"Escrito por\" \/>\n\t<meta name=\"twitter:data1\" content=\"p@m@rt1n\" \/>\n\t<meta name=\"twitter:label2\" content=\"Tiempo de lectura\" \/>\n\t<meta name=\"twitter:data2\" content=\"2 minutos\" \/>\n<script type=\"application\/ld+json\" class=\"yoast-schema-graph\">{\"@context\":\"https:\/\/schema.org\",\"@graph\":[{\"@type\":\"Article\",\"@id\":\"https:\/\/www.adondequierenir.com\/index.php\/2018\/08\/09\/la-torre-mudejar-san-jose-del-salado\/#article\",\"isPartOf\":{\"@id\":\"https:\/\/www.adondequierenir.com\/index.php\/2018\/08\/09\/la-torre-mudejar-san-jose-del-salado\/\"},\"author\":{\"name\":\"p@m@rt1n\",\"@id\":\"https:\/\/www.adondequierenir.com\/#\/schema\/person\/83485548bc9e14e5d02478eab46f9302\"},\"headline\":\"La Torre Mud\u00e9jar San Jose del Salado\",\"datePublished\":\"2018-08-10T04:36:57+00:00\",\"dateModified\":\"2024-01-17T06:22:07+00:00\",\"mainEntityOfPage\":{\"@id\":\"https:\/\/www.adondequierenir.com\/index.php\/2018\/08\/09\/la-torre-mudejar-san-jose-del-salado\/\"},\"wordCount\":367,\"publisher\":{\"@id\":\"https:\/\/www.adondequierenir.com\/#\/schema\/person\/83485548bc9e14e5d02478eab46f9302\"},\"inLanguage\":\"es-CO\"},{\"@type\":\"WebPage\",\"@id\":\"https:\/\/www.adondequierenir.com\/index.php\/2018\/08\/09\/la-torre-mudejar-san-jose-del-salado\/\",\"url\":\"https:\/\/www.adondequierenir.com\/index.php\/2018\/08\/09\/la-torre-mudejar-san-jose-del-salado\/\",\"name\":\"La Torre Mud\u00e9jar San Jose del Salado - Bienvenido a Adondequierenir.com\",\"isPartOf\":{\"@id\":\"https:\/\/www.adondequierenir.com\/#website\"},\"datePublished\":\"2018-08-10T04:36:57+00:00\",\"dateModified\":\"2024-01-17T06:22:07+00:00\",\"breadcrumb\":{\"@id\":\"https:\/\/www.adondequierenir.com\/index.php\/2018\/08\/09\/la-torre-mudejar-san-jose-del-salado\/#breadcrumb\"},\"inLanguage\":\"es-CO\",\"potentialAction\":[{\"@type\":\"ReadAction\",\"target\":[\"https:\/\/www.adondequierenir.com\/index.php\/2018\/08\/09\/la-torre-mudejar-san-jose-del-salado\/\"]}]},{\"@type\":\"BreadcrumbList\",\"@id\":\"https:\/\/www.adondequierenir.com\/index.php\/2018\/08\/09\/la-torre-mudejar-san-jose-del-salado\/#breadcrumb\",\"itemListElement\":[{\"@type\":\"ListItem\",\"position\":1,\"name\":\"Inicio\",\"item\":\"https:\/\/www.adondequierenir.com\/\"},{\"@type\":\"ListItem\",\"position\":2,\"name\":\"La Torre Mud\u00e9jar San Jose del Salado\"}]},{\"@type\":\"WebSite\",\"@id\":\"https:\/\/www.adondequierenir.com\/#website\",\"url\":\"https:\/\/www.adondequierenir.com\/\",\"name\":\"Bienvenido a Adondequierenir.com\",\"description\":\"\",\"publisher\":{\"@id\":\"https:\/\/www.adondequierenir.com\/#\/schema\/person\/83485548bc9e14e5d02478eab46f9302\"},\"potentialAction\":[{\"@type\":\"SearchAction\",\"target\":{\"@type\":\"EntryPoint\",\"urlTemplate\":\"https:\/\/www.adondequierenir.com\/?s={search_term_string}\"},\"query-input\":{\"@type\":\"PropertyValueSpecification\",\"valueRequired\":true,\"valueName\":\"search_term_string\"}}],\"inLanguage\":\"es-CO\"},{\"@type\":[\"Person\",\"Organization\"],\"@id\":\"https:\/\/www.adondequierenir.com\/#\/schema\/person\/83485548bc9e14e5d02478eab46f9302\",\"name\":\"p@m@rt1n\",\"image\":{\"@type\":\"ImageObject\",\"inLanguage\":\"es-CO\",\"@id\":\"https:\/\/www.adondequierenir.com\/#\/schema\/person\/image\/\",\"url\":\"https:\/\/www.adondequierenir.com\/wp-content\/uploads\/2023\/11\/59132335-e1e2-4bf2-8d9a-1993d6e55eac.jpeg\",\"contentUrl\":\"https:\/\/www.adondequierenir.com\/wp-content\/uploads\/2023\/11\/59132335-e1e2-4bf2-8d9a-1993d6e55eac.jpeg\",\"width\":1024,\"height\":1024,\"caption\":\"p@m@rt1n\"},\"logo\":{\"@id\":\"https:\/\/www.adondequierenir.com\/#\/schema\/person\/image\/\"},\"sameAs\":[\"https:\/\/www.adondequierenir.com\",\"https:\/\/www.facebook.com\/adonde.q.ir\"],\"url\":\"https:\/\/www.adondequierenir.com\/index.php\/author\/pmrt1n\/\"}]}<\/script>\n<!-- \/ Yoast SEO plugin. -->","yoast_head_json":{"title":"La Torre Mud\u00e9jar San Jose del Salado - Bienvenido a Adondequierenir.com","robots":{"index":"index","follow":"follow","max-snippet":"max-snippet:-1","max-image-preview":"max-image-preview:large","max-video-preview":"max-video-preview:-1"},"canonical":"https:\/\/www.adondequierenir.com\/index.php\/2018\/08\/09\/la-torre-mudejar-san-jose-del-salado\/","og_locale":"es_ES","og_type":"article","og_title":"La Torre Mud\u00e9jar San Jose del Salado - Bienvenido a Adondequierenir.com","og_description":"La Torre Mud\u00e9jar de El Salado es una construcci\u00f3n de base cuadrada de aproximadamente 2,50 metros de lado, y una altura de 9,60 metros sin contar la veleta.","og_url":"https:\/\/www.adondequierenir.com\/index.php\/2018\/08\/09\/la-torre-mudejar-san-jose-del-salado\/","og_site_name":"Bienvenido a Adondequierenir.com","article_publisher":"https:\/\/www.facebook.com\/adonde.q.ir","article_author":"https:\/\/www.facebook.com\/adonde.q.ir","article_published_time":"2018-08-10T04:36:57+00:00","article_modified_time":"2024-01-17T06:22:07+00:00","author":"p@m@rt1n","twitter_card":"summary_large_image","twitter_misc":{"Escrito por":"p@m@rt1n","Tiempo de lectura":"2 minutos"},"schema":{"@context":"https:\/\/schema.org","@graph":[{"@type":"Article","@id":"https:\/\/www.adondequierenir.com\/index.php\/2018\/08\/09\/la-torre-mudejar-san-jose-del-salado\/#article","isPartOf":{"@id":"https:\/\/www.adondequierenir.com\/index.php\/2018\/08\/09\/la-torre-mudejar-san-jose-del-salado\/"},"author":{"name":"p@m@rt1n","@id":"https:\/\/www.adondequierenir.com\/#\/schema\/person\/83485548bc9e14e5d02478eab46f9302"},"headline":"La Torre Mud\u00e9jar San Jose del Salado","datePublished":"2018-08-10T04:36:57+00:00","dateModified":"2024-01-17T06:22:07+00:00","mainEntityOfPage":{"@id":"https:\/\/www.adondequierenir.com\/index.php\/2018\/08\/09\/la-torre-mudejar-san-jose-del-salado\/"},"wordCount":367,"publisher":{"@id":"https:\/\/www.adondequierenir.com\/#\/schema\/person\/83485548bc9e14e5d02478eab46f9302"},"inLanguage":"es-CO"},{"@type":"WebPage","@id":"https:\/\/www.adondequierenir.com\/index.php\/2018\/08\/09\/la-torre-mudejar-san-jose-del-salado\/","url":"https:\/\/www.adondequierenir.com\/index.php\/2018\/08\/09\/la-torre-mudejar-san-jose-del-salado\/","name":"La Torre Mud\u00e9jar San Jose del Salado - Bienvenido a Adondequierenir.com","isPartOf":{"@id":"https:\/\/www.adondequierenir.com\/#website"},"datePublished":"2018-08-10T04:36:57+00:00","dateModified":"2024-01-17T06:22:07+00:00","breadcrumb":{"@id":"https:\/\/www.adondequierenir.com\/index.php\/2018\/08\/09\/la-torre-mudejar-san-jose-del-salado\/#breadcrumb"},"inLanguage":"es-CO","potentialAction":[{"@type":"ReadAction","target":["https:\/\/www.adondequierenir.com\/index.php\/2018\/08\/09\/la-torre-mudejar-san-jose-del-salado\/"]}]},{"@type":"BreadcrumbList","@id":"https:\/\/www.adondequierenir.com\/index.php\/2018\/08\/09\/la-torre-mudejar-san-jose-del-salado\/#breadcrumb","itemListElement":[{"@type":"ListItem","position":1,"name":"Inicio","item":"https:\/\/www.adondequierenir.com\/"},{"@type":"ListItem","position":2,"name":"La Torre Mud\u00e9jar San Jose del Salado"}]},{"@type":"WebSite","@id":"https:\/\/www.adondequierenir.com\/#website","url":"https:\/\/www.adondequierenir.com\/","name":"Bienvenido a Adondequierenir.com","description":"","publisher":{"@id":"https:\/\/www.adondequierenir.com\/#\/schema\/person\/83485548bc9e14e5d02478eab46f9302"},"potentialAction":[{"@type":"SearchAction","target":{"@type":"EntryPoint","urlTemplate":"https:\/\/www.adondequierenir.com\/?s={search_term_string}"},"query-input":{"@type":"PropertyValueSpecification","valueRequired":true,"valueName":"search_term_string"}}],"inLanguage":"es-CO"},{"@type":["Person","Organization"],"@id":"https:\/\/www.adondequierenir.com\/#\/schema\/person\/83485548bc9e14e5d02478eab46f9302","name":"p@m@rt1n","image":{"@type":"ImageObject","inLanguage":"es-CO","@id":"https:\/\/www.adondequierenir.com\/#\/schema\/person\/image\/","url":"https:\/\/www.adondequierenir.com\/wp-content\/uploads\/2023\/11\/59132335-e1e2-4bf2-8d9a-1993d6e55eac.jpeg","contentUrl":"https:\/\/www.adondequierenir.com\/wp-content\/uploads\/2023\/11\/59132335-e1e2-4bf2-8d9a-1993d6e55eac.jpeg","width":1024,"height":1024,"caption":"p@m@rt1n"},"logo":{"@id":"https:\/\/www.adondequierenir.com\/#\/schema\/person\/image\/"},"sameAs":["https:\/\/www.adondequierenir.com","https:\/\/www.facebook.com\/adonde.q.ir"],"url":"https:\/\/www.adondequierenir.com\/index.php\/author\/pmrt1n\/"}]}},"_links":{"self":[{"href":"https:\/\/www.adondequierenir.com\/index.php\/wp-json\/wp\/v2\/posts\/17","targetHints":{"allow":["GET"]}}],"collection":[{"href":"https:\/\/www.adondequierenir.com\/index.php\/wp-json\/wp\/v2\/posts"}],"about":[{"href":"https:\/\/www.adondequierenir.com\/index.php\/wp-json\/wp\/v2\/types\/post"}],"author":[{"embeddable":true,"href":"https:\/\/www.adondequierenir.com\/index.php\/wp-json\/wp\/v2\/users\/1"}],"replies":[{"embeddable":true,"href":"https:\/\/www.adondequierenir.com\/index.php\/wp-json\/wp\/v2\/comments?post=17"}],"version-history":[{"count":1,"href":"https:\/\/www.adondequierenir.com\/index.php\/wp-json\/wp\/v2\/posts\/17\/revisions"}],"predecessor-version":[{"id":930,"href":"https:\/\/www.adondequierenir.com\/index.php\/wp-json\/wp\/v2\/posts\/17\/revisions\/930"}],"wp:attachment":[{"href":"https:\/\/www.adondequierenir.com\/index.php\/wp-json\/wp\/v2\/media?parent=17"}],"wp:term":[{"taxonomy":"category","embeddable":true,"href":"https:\/\/www.adondequierenir.com\/index.php\/wp-json\/wp\/v2\/categories?post=17"},{"taxonomy":"post_tag","embeddable":true,"href":"https:\/\/www.adondequierenir.com\/index.php\/wp-json\/wp\/v2\/tags?post=17"}],"curies":[{"name":"wp","href":"https:\/\/api.w.org\/{rel}","templated":true}]}}